{"id":2557,"date":"2014-08-18T09:51:34","date_gmt":"2014-08-18T08:51:34","guid":{"rendered":"http:\/\/www.aloisio66.com\/wordpress\/?p=2557"},"modified":"2019-06-17T19:27:22","modified_gmt":"2019-06-17T18:27:22","slug":"cronicas-da-aldeia-ii","status":"publish","type":"post","link":"https:\/\/www.aloisio66.com\/wordpress\/blog\/2014\/08\/18\/cronicas-da-aldeia-ii\/","title":{"rendered":"Cr\u00f3nicas da aldeia II"},"content":{"rendered":"<figure class=\"wp-block-image alignwide\"><img loading=\"lazy\" decoding=\"async\" width=\"1024\" height=\"687\" src=\"http:\/\/www.aloisio66.com\/wordpress\/wp-content\/uploads\/2014\/08\/10550165_10202392254592002_7484721752373086476_o-1024x687.jpg\" alt=\"\" class=\"wp-image-2576\" srcset=\"https:\/\/www.aloisio66.com\/wordpress\/wp-content\/uploads\/2014\/08\/10550165_10202392254592002_7484721752373086476_o-1024x687.jpg 1024w, https:\/\/www.aloisio66.com\/wordpress\/wp-content\/uploads\/2014\/08\/10550165_10202392254592002_7484721752373086476_o-300x201.jpg 300w, https:\/\/www.aloisio66.com\/wordpress\/wp-content\/uploads\/2014\/08\/10550165_10202392254592002_7484721752373086476_o-768x515.jpg 768w, https:\/\/www.aloisio66.com\/wordpress\/wp-content\/uploads\/2014\/08\/10550165_10202392254592002_7484721752373086476_o.jpg 1250w\" sizes=\"auto, (max-width: 1024px) 100vw, 1024px\" \/><\/figure>\n<p>Pela altura em que acordei &#8211; um quarto para as onze, andava j\u00e1 a aldeia num alvoro\u00e7o s\u00f3. J\u00e1 reunira a Junta com a Comiss\u00e3o Fabriqueira, esp\u00e9cie de Conselho de Estado local, e o Felisberto, sol\u00edcito, a mando da Odete presidenta, j\u00e1 telefonara para o posto da Guarda em S\u00e3o Bernardino. Tudo numa fona, e isto s\u00f3 em meia manh\u00e3. <\/p>\n<p>Tirando a vez em que o Berto Sapo tirou um 30\u00ba lugar numa etapa da Volta a Portugal de 72, n\u00e3o havia mem\u00f3ria de tamanha como\u00e7\u00e3o na comunidade.<\/p>\n<p>Coisa s\u00e9ria, est\u00e1 bom de ver, que a aldeia n\u00e3o \u00e9 das que se empertiga por d\u00e1 c\u00e1 aquela palha, como bem se documenta no caso do famoso inc\u00eandio de 85, que comeu a serra inteira, cercou a localidade e estando j\u00e1 pronto a lamber as casas da Pacheca, nem uma alma lhe deitou um balde de \u00e1gua. Tudo em volta a arder, labaredas tamanhas que nem no Inferno e os homens entretidos na venda da Tona, \u00e0 sueca e ao domin\u00f3, e as mulheres em casa sem despregar o olho do Roque Santeiro. <\/p>\n<p>Que n\u00e3o era preciso, que a aldeia sabe bem a que santo ajoelha e o nosso S\u00e3o Bartolomeu, que agora h\u00e1-de estar ocupado com coisa mais s\u00e9ria, na hora certa resolver\u00e1 o assunto, porque n\u00f3s temos as contas em dia com o nosso santinho e tamb\u00e9m n\u00e3o lhe faltamos com nada. <\/p>\n<p>E o certo \u00e9 que, quando o fogar\u00e9u se chegou \u00e0 primeira figueira da Pacheca, do nada se levanta um tremendo vendaval de vento que empurrou as chamas de volta para tr\u00e1s, onde j\u00e1 n\u00e3o tinha mais onde arder e para finalizar o servi\u00e7o, sem que se visse uma nuvem no c\u00e9u, o santo ainda mandou uma chuva demorada por toda a noite, para que o povo n\u00e3o se ma\u00e7asse com os trabalhos do rescaldo, que n\u00e3o matam mas moem.<\/p>\n<p>\u00c9 bem verdade que o fest\u00e3o que por aqui faz ao santo, mesmo sem padre que nos pastoreie vai para mais de 30 anos, \u00e9 de uma riqueza que n\u00e3o tem rival em toda a cristandade. Se os santos fossem dados a inveja, que n\u00e3o s\u00e3o, sublinhe-se, o nosso S\u00e3o Bartolomeu ia passar um mau peda\u00e7o l\u00e1 com os camaradas.  <\/p>\n<p>A confian\u00e7a \u00e9 um pilar insubstitu\u00edvel na felicidade dos homens, como n\u00e3o se cansa de sublinhar o Tribunal Constitucional e o comprova a frutuosa sociedade que a nossa aldeia mant\u00e9m com o ap\u00f3stolo, que tendo sido esfolado vivo e decapitado, sabe bem o que s\u00e3o as agruras da vida e por isso, na hora do aperto, nunca falha, desde que n\u00e3o falhem com ele, claro est\u00e1.<\/p>\n<p>Deixa-me vestir umas cal\u00e7as e ir \u00e0 venda da Tona saber do que se passa. Depois conto.<\/p>\n","protected":false},"excerpt":{"rendered":"<p>Pela altura em que acordei &#8211; um quarto para as onze, andava j\u00e1 a aldeia num alvoro\u00e7o s\u00f3. J\u00e1 reunira a Junta com a Comiss\u00e3o Fabriqueira, esp\u00e9cie de Conselho de Estado local, e o&#46;&#46;&#46;<\/p>\n","protected":false},"author":1,"featured_media":2576,"comment_status":"closed","ping_status":"open","sticky":false,"template":"","format":"standard","meta":{"spay_email":"","footnotes":"","jetpack_publicize_message":""},"categories":[4,53,46],"tags":[],"class_list":["post-2557","post","type-post","status-publish","format-standard","has-post-thumbnail","hentry","category-delirios","category-literatura","category-vidinha"],"jetpack_featured_media_url":"https:\/\/www.aloisio66.com\/wordpress\/wp-content\/uploads\/2014\/08\/10550165_10202392254592002_7484721752373086476_o.jpg","jetpack_publicize_connections":[],"jetpack_shortlink":"https:\/\/wp.me\/p4vyzh-Ff","jetpack_sharing_enabled":true,"_links":{"self":[{"href":"https:\/\/www.aloisio66.com\/wordpress\/wp-json\/wp\/v2\/posts\/2557","targetHints":{"allow":["GET"]}}],"collection":[{"href":"https:\/\/www.aloisio66.com\/wordpress\/wp-json\/wp\/v2\/posts"}],"about":[{"href":"https:\/\/www.aloisio66.com\/wordpress\/wp-json\/wp\/v2\/types\/post"}],"author":[{"embeddable":true,"href":"https:\/\/www.aloisio66.com\/wordpress\/wp-json\/wp\/v2\/users\/1"}],"replies":[{"embeddable":true,"href":"https:\/\/www.aloisio66.com\/wordpress\/wp-json\/wp\/v2\/comments?post=2557"}],"version-history":[{"count":5,"href":"https:\/\/www.aloisio66.com\/wordpress\/wp-json\/wp\/v2\/posts\/2557\/revisions"}],"predecessor-version":[{"id":2577,"href":"https:\/\/www.aloisio66.com\/wordpress\/wp-json\/wp\/v2\/posts\/2557\/revisions\/2577"}],"wp:featuredmedia":[{"embeddable":true,"href":"https:\/\/www.aloisio66.com\/wordpress\/wp-json\/wp\/v2\/media\/2576"}],"wp:attachment":[{"href":"https:\/\/www.aloisio66.com\/wordpress\/wp-json\/wp\/v2\/media?parent=2557"}],"wp:term":[{"taxonomy":"category","embeddable":true,"href":"https:\/\/www.aloisio66.com\/wordpress\/wp-json\/wp\/v2\/categories?post=2557"},{"taxonomy":"post_tag","embeddable":true,"href":"https:\/\/www.aloisio66.com\/wordpress\/wp-json\/wp\/v2\/tags?post=2557"}],"curies":[{"name":"wp","href":"https:\/\/api.w.org\/{rel}","templated":true}]}}