{"id":2552,"date":"2014-08-21T22:54:25","date_gmt":"2014-08-21T21:54:25","guid":{"rendered":"http:\/\/www.aloisio66.com\/wordpress\/?p=2552"},"modified":"2019-06-17T19:24:59","modified_gmt":"2019-06-17T18:24:59","slug":"cronicas-da-aldeia","status":"publish","type":"post","link":"https:\/\/www.aloisio66.com\/wordpress\/blog\/2014\/08\/21\/cronicas-da-aldeia\/","title":{"rendered":"Cr\u00f3nicas da aldeia III"},"content":{"rendered":"<figure class=\"wp-block-image alignwide\"><img loading=\"lazy\" decoding=\"async\" width=\"1024\" height=\"1024\" src=\"http:\/\/www.aloisio66.com\/wordpress\/wp-content\/uploads\/2014\/08\/905870_10202405358639595_3655427230702742800_o-1024x1024.jpg\" alt=\"\" class=\"wp-image-2574\" srcset=\"https:\/\/www.aloisio66.com\/wordpress\/wp-content\/uploads\/2014\/08\/905870_10202405358639595_3655427230702742800_o-1024x1024.jpg 1024w, https:\/\/www.aloisio66.com\/wordpress\/wp-content\/uploads\/2014\/08\/905870_10202405358639595_3655427230702742800_o-150x150.jpg 150w, https:\/\/www.aloisio66.com\/wordpress\/wp-content\/uploads\/2014\/08\/905870_10202405358639595_3655427230702742800_o-300x300.jpg 300w, https:\/\/www.aloisio66.com\/wordpress\/wp-content\/uploads\/2014\/08\/905870_10202405358639595_3655427230702742800_o-768x768.jpg 768w, https:\/\/www.aloisio66.com\/wordpress\/wp-content\/uploads\/2014\/08\/905870_10202405358639595_3655427230702742800_o-160x160.jpg 160w, https:\/\/www.aloisio66.com\/wordpress\/wp-content\/uploads\/2014\/08\/905870_10202405358639595_3655427230702742800_o-320x320.jpg 320w, https:\/\/www.aloisio66.com\/wordpress\/wp-content\/uploads\/2014\/08\/905870_10202405358639595_3655427230702742800_o-50x50.jpg 50w, https:\/\/www.aloisio66.com\/wordpress\/wp-content\/uploads\/2014\/08\/905870_10202405358639595_3655427230702742800_o.jpg 1920w\" sizes=\"auto, (max-width: 1024px) 100vw, 1024px\" \/><\/figure>\n<p>Feitas as competentes inquiri\u00e7\u00f5es junto de fontes fidedignas, j\u00e1 estou habilitado para fazer alguma luz sobre a afli\u00e7\u00e3o que desceu sobre a aldeia, o que vos reporto, tamb\u00e9m eu agora, sumamente preocupado.<\/p>\n<p style=\"text-align:left\">Por jeitos, o Teles, pastor que n\u00e3o tem outro igual por estas bandas no que toca ao zelo da bicharada, ontem \u00e0 noite, depois de guardar e pensar o gado, l\u00e1 foi \u00e0 venda da Tona, como faz todos os dias (menos \u00e0s quartas-feiras, por raz\u00f5es que n\u00e3o v\u00eam aqui ao caso), para a cerveja que prepara a barriga para a bucha que h\u00e1-de cear e, especiosamente, para se p\u00f4r a par das falas do dia na aldeia e p\u00f4r ele a aldeia a par das coisas que v\u00e3o pelo mundo. Das coisas que verdadeiramente interessam, frise-se, sabe a aldeia pela boca do Teles.  <\/p>\n<p>Na aldeia, o mundo que fica a mais de 10 l\u00e9guas chega coado pelos canais da TDT, que o Teles, justamente, considera uma boa bosta desde o dia em que a internet o fez cidad\u00e3o de aqu\u00e9m e de al\u00e9m-mar, como dizia a cantiga.  <\/p>\n<p>O dia do fiat lux do Teles come\u00e7ou na festa de S\u00e3o Bartolomeu do ano passado. Quis a fortuna que lhe calhasse precisamente a ele, Deus seja louvado, a b\u00ean\u00e7\u00e3o de ganhar o pr\u00e9mio mais cobi\u00e7ado da t\u00f4mbola: um Ifone.<\/p>\n<p>Em S\u00e3o Bernardino, onde foi levantar o pr\u00e9mio, o Teles anunciou \u00e0 mo\u00e7a da loja ao que vinha e depois ouviu, sem largar um pio, as sum\u00e1rias mas competentes e treinadas explica\u00e7\u00f5es acerca do funcionamento do aparelho, de que o pastor, sendo dos finos, rapidamente ficou inteirado. <\/p>\n<p>Tinha j\u00e1 sa\u00eddo da loja com o animal no bolso, mas voltou para tr\u00e1s para pedir \u00e0, gordita mas gira, empregada da Modercom de Ferreira &amp; Filhos, Lda., oh menina, ponha-me aqui um Facebook que eu gostava de falar com a Cristina Ferreira. E ela p\u00f4s.<\/p>\n<p>De maneiras que, nessa 2\u00aa Feira, h\u00e1 quase um ano, a globaliza\u00e7\u00e3o entrou pela aldeia a dentro, transportada no bolso do tabaco do casaco do Teles.<\/p>\n<p>Os dias do pastoreio s\u00e3o longos e solit\u00e1rios e o Facebook foi fazendo o seu caminho social e cumprindo a sua miss\u00e3o informativa e o Teles dele bebia todos os dias com a sofreguid\u00e3o do perdido no deserto que chega ao o\u00e1sis luxuriante, matando no po\u00e7o abundante a sua sede ancestral de conhecimento. <\/p>\n<p>E depois, no final do dia, guardado e pensado o gado, despejava tudo na venda da Tona, de cerveja na m\u00e3o e com numerosa e atenta plateia que rapidamente fidelizou, tal o manancial de casos espantosos que trazia no bornal, ou melhor dito, em jarg\u00e3o de Facebook, de partilhas fabulosas, que o Manel Manco, muito asno, a princ\u00edpio pensava tratar-se de invent\u00e1rios de grandes fortunas.   <\/p>\n<p>Sucede que ontem \u00e0 noite, atrasado contra o que era o costume, entrou na venda de cenho carregado, com ar grave e s\u00e9rio e as costas ainda mais arqueadas do que era normal em si. Depois do primeiro gole, ficou mudo longos minutos, a olhar para o vazio. O povo do costume ali, \u00e0 espera das novidades e o Teles nada. \u00c0 pergunta preocupada da Tona, o pastor largou com voz sumida:  <\/p>\n<p>&#8211; Estamos fodidos, vem a\u00ed o Califado.<\/p>\n","protected":false},"excerpt":{"rendered":"<p>Feitas as competentes inquiri\u00e7\u00f5es junto de fontes fidedignas, j\u00e1 estou habilitado para fazer alguma luz sobre a afli\u00e7\u00e3o que desceu sobre a aldeia, o que vos reporto, tamb\u00e9m eu agora, sumamente preocupado. Por jeitos,&#46;&#46;&#46;<\/p>\n","protected":false},"author":1,"featured_media":2574,"comment_status":"closed","ping_status":"open","sticky":false,"template":"","format":"standard","meta":{"spay_email":"","footnotes":"","jetpack_publicize_message":""},"categories":[4,53,46],"tags":[],"class_list":["post-2552","post","type-post","status-publish","format-standard","has-post-thumbnail","hentry","category-delirios","category-literatura","category-vidinha"],"jetpack_featured_media_url":"https:\/\/www.aloisio66.com\/wordpress\/wp-content\/uploads\/2014\/08\/905870_10202405358639595_3655427230702742800_o.jpg","jetpack_publicize_connections":[],"jetpack_shortlink":"https:\/\/wp.me\/p4vyzh-Fa","jetpack_sharing_enabled":true,"_links":{"self":[{"href":"https:\/\/www.aloisio66.com\/wordpress\/wp-json\/wp\/v2\/posts\/2552","targetHints":{"allow":["GET"]}}],"collection":[{"href":"https:\/\/www.aloisio66.com\/wordpress\/wp-json\/wp\/v2\/posts"}],"about":[{"href":"https:\/\/www.aloisio66.com\/wordpress\/wp-json\/wp\/v2\/types\/post"}],"author":[{"embeddable":true,"href":"https:\/\/www.aloisio66.com\/wordpress\/wp-json\/wp\/v2\/users\/1"}],"replies":[{"embeddable":true,"href":"https:\/\/www.aloisio66.com\/wordpress\/wp-json\/wp\/v2\/comments?post=2552"}],"version-history":[{"count":7,"href":"https:\/\/www.aloisio66.com\/wordpress\/wp-json\/wp\/v2\/posts\/2552\/revisions"}],"predecessor-version":[{"id":2575,"href":"https:\/\/www.aloisio66.com\/wordpress\/wp-json\/wp\/v2\/posts\/2552\/revisions\/2575"}],"wp:featuredmedia":[{"embeddable":true,"href":"https:\/\/www.aloisio66.com\/wordpress\/wp-json\/wp\/v2\/media\/2574"}],"wp:attachment":[{"href":"https:\/\/www.aloisio66.com\/wordpress\/wp-json\/wp\/v2\/media?parent=2552"}],"wp:term":[{"taxonomy":"category","embeddable":true,"href":"https:\/\/www.aloisio66.com\/wordpress\/wp-json\/wp\/v2\/categories?post=2552"},{"taxonomy":"post_tag","embeddable":true,"href":"https:\/\/www.aloisio66.com\/wordpress\/wp-json\/wp\/v2\/tags?post=2552"}],"curies":[{"name":"wp","href":"https:\/\/api.w.org\/{rel}","templated":true}]}}